{"id":1523,"date":"2023-07-22T15:06:37","date_gmt":"2023-07-22T15:06:37","guid":{"rendered":"http:\/\/dobroteasa.ro\/?p=1523"},"modified":"2023-07-22T15:21:53","modified_gmt":"2023-07-22T15:21:53","slug":"biserica-dobroteasa-a-primit-noul-sfant-antimis","status":"publish","type":"post","link":"http:\/\/dobroteasa.ro\/?p=1523","title":{"rendered":"Biserica Dobroteasa a primit noul Sf\u00e2nt Antimis"},"content":{"rendered":"<p>[et_pb_section fb_built=&#8221;1&#8243; _builder_version=&#8221;4.16&#8243; background_image=&#8221;http:\/\/www.dobroteasa.ro\/wp-content\/uploads\/2020\/02\/church-04.jpg&#8221; custom_margin=&#8221;-100px|||||&#8221; global_colors_info=&#8221;{}&#8221; theme_builder_area=&#8221;post_content&#8221;][et_pb_row _builder_version=&#8221;4.16&#8243; global_colors_info=&#8221;{}&#8221; theme_builder_area=&#8221;post_content&#8221;][et_pb_column type=&#8221;4_4&#8243; _builder_version=&#8221;4.16&#8243; global_colors_info=&#8221;{}&#8221; theme_builder_area=&#8221;post_content&#8221;][et_pb_text _builder_version=&#8221;4.16&#8243; global_colors_info=&#8221;{}&#8221; theme_builder_area=&#8221;post_content&#8221;]<\/p>\n<h2><span>21 iulie 2023<\/span> &#8211; Noul Antimis al Bisericii Dobroteasa<\/h2>\n<div class=\"gmail_default\">Ast\u0103zi, 21 iulie 2023, dup\u0103 s\u0103rb\u0103toarea Sf\u00e2ntului Mare Proroc Ilie, am avut bucuria de a primi \u00een Biserica Dobroteasa noul Sf\u00e2nt Antimis, semnat \u0219i d\u0103ruit de Preafericitul P\u0103rinte DANIEL, Patriarhul Bisericii Ortodoxe Rom\u00e2ne, prin delegatul Preafericirii Sale, Preacucernicul Preot Florin Nectarie Busuioc, Protoiereu al Protoieriei Sector III Capital\u0103, \u00eenso\u021bit de Preacucernicul Preot Sergiu Constantin Nicolaescu, Secretar al Protoieriei Sector III Capital\u0103.\u00a0<\/div>\n<div class=\"gmail_default\"><\/div>\n<div class=\"gmail_default\">Sf\u00e2ntul Antimis con\u021bine o p\u0103rticic\u0103 din moa\u0219te\u00a0de\u00a0sfin\u021bi martiri, \u00eenf\u0103\u021bi\u0219eaz\u0103\u00a0icoana punerii \u00een morm\u00e2nt a Domnului \u0219i M\u00e2ntuitorului nostru Hristos \u0219i este semnat de ierarhul eparhiot, \u00een cazul nostru de Preafericitul P\u0103rinte Patriarh DANIEL. Sf\u00e2ntul Antimis este a\u0219ezat pe Sf\u00e2nta Mas\u0103 din Sf\u00e2ntul Altar pe care se s\u0103v\u00e2r\u0219e\u0219te Sf\u00e2nta \u0219i Dumnezeiasca Liturghie. F\u0103r\u0103 de acesta nu se poate sluji Sf\u00e2nta Liturghie.\u00a0<\/div>\n<div class=\"gmail_default\"><\/div>\n<div class=\"gmail_default\"><a href=\"https:\/\/basilica.ro\/bisericile-din-arhiepiscopia-bucurestilor-au-primit-antimise-noi\/\" target=\"_blank\" data-saferedirecturl=\"https:\/\/www.google.com\/url?q=https:\/\/basilica.ro\/bisericile-din-arhiepiscopia-bucurestilor-au-primit-antimise-noi\/&amp;source=gmail&amp;ust=1690035531660000&amp;usg=AOvVaw2UWetphuKNG8WoqqWVSqbV\" rel=\"noopener\">https:\/\/basilica.ro\/<wbr \/>bisericile-din-arhiepiscopia-<wbr \/>bucurestilor-au-primit-<wbr \/>antimise-noi\/<\/a><\/div>\n<p>[\/et_pb_text][\/et_pb_column][\/et_pb_row][et_pb_row column_structure=&#8221;1_3,1_3,1_3&#8243; _builder_version=&#8221;4.16&#8243; global_colors_info=&#8221;{}&#8221; theme_builder_area=&#8221;post_content&#8221;][et_pb_column type=&#8221;1_3&#8243; _builder_version=&#8221;4.16&#8243; global_colors_info=&#8221;{}&#8221; theme_builder_area=&#8221;post_content&#8221;][et_pb_image src=&#8221;http:\/\/dobroteasa.ro\/wp-content\/uploads\/2023\/07\/IMG-20230721-WA0020.jpg&#8221; title_text=&#8221;IMG-20230721-WA0020&#8243; _builder_version=&#8221;4.19.5&#8243; _module_preset=&#8221;default&#8221; global_colors_info=&#8221;{}&#8221; theme_builder_area=&#8221;post_content&#8221;][\/et_pb_image][\/et_pb_column][et_pb_column type=&#8221;1_3&#8243; _builder_version=&#8221;4.16&#8243; global_colors_info=&#8221;{}&#8221; theme_builder_area=&#8221;post_content&#8221;][et_pb_image src=&#8221;http:\/\/dobroteasa.ro\/wp-content\/uploads\/2023\/07\/IMG-20230721-WA0017.jpg&#8221; title_text=&#8221;IMG-20230721-WA0017&#8243; _builder_version=&#8221;4.19.5&#8243; _module_preset=&#8221;default&#8221; global_colors_info=&#8221;{}&#8221; theme_builder_area=&#8221;post_content&#8221;][\/et_pb_image][\/et_pb_column][et_pb_column type=&#8221;1_3&#8243; _builder_version=&#8221;4.16&#8243; global_colors_info=&#8221;{}&#8221; theme_builder_area=&#8221;post_content&#8221;][et_pb_image src=&#8221;http:\/\/dobroteasa.ro\/wp-content\/uploads\/2023\/07\/IMG-20230721-WA0018.jpg&#8221; title_text=&#8221;IMG-20230721-WA0018&#8243; _builder_version=&#8221;4.19.5&#8243; _module_preset=&#8221;default&#8221; global_colors_info=&#8221;{}&#8221; theme_builder_area=&#8221;post_content&#8221;][\/et_pb_image][\/et_pb_column][\/et_pb_row][\/et_pb_section]<\/p>\n","protected":false},"excerpt":{"rendered":"<p>21 iulie 2023 &#8211; Noul Antimis al Bisericii Dobroteasa Ast\u0103zi, 21 iulie 2023, dup\u0103 s\u0103rb\u0103toarea Sf\u00e2ntului Mare Proroc Ilie, am avut bucuria de a primi \u00een Biserica Dobroteasa noul Sf\u00e2nt Antimis, semnat \u0219i d\u0103ruit de Preafericitul P\u0103rinte DANIEL, Patriarhul Bisericii Ortodoxe Rom\u00e2ne, prin delegatul Preafericirii Sale, Preacucernicul Preot Florin Nectarie Busuioc, Protoiereu al Protoieriei Sector [&hellip;]<\/p>\n","protected":false},"author":2,"featured_media":1519,"comment_status":"open","ping_status":"open","sticky":false,"template":"","format":"standard","meta":{"_et_pb_use_builder":"on","_et_pb_old_content":"","_et_gb_content_width":""},"categories":[5,7],"tags":[],"acf":[],"_links":{"self":[{"href":"http:\/\/dobroteasa.ro\/index.php?rest_route=\/wp\/v2\/posts\/1523"}],"collection":[{"href":"http:\/\/dobroteasa.ro\/index.php?rest_route=\/wp\/v2\/posts"}],"about":[{"href":"http:\/\/dobroteasa.ro\/index.php?rest_route=\/wp\/v2\/types\/post"}],"author":[{"embeddable":true,"href":"http:\/\/dobroteasa.ro\/index.php?rest_route=\/wp\/v2\/users\/2"}],"replies":[{"embeddable":true,"href":"http:\/\/dobroteasa.ro\/index.php?rest_route=%2Fwp%2Fv2%2Fcomments&post=1523"}],"version-history":[{"count":4,"href":"http:\/\/dobroteasa.ro\/index.php?rest_route=\/wp\/v2\/posts\/1523\/revisions"}],"predecessor-version":[{"id":1544,"href":"http:\/\/dobroteasa.ro\/index.php?rest_route=\/wp\/v2\/posts\/1523\/revisions\/1544"}],"wp:featuredmedia":[{"embeddable":true,"href":"http:\/\/dobroteasa.ro\/index.php?rest_route=\/wp\/v2\/media\/1519"}],"wp:attachment":[{"href":"http:\/\/dobroteasa.ro\/index.php?rest_route=%2Fwp%2Fv2%2Fmedia&parent=1523"}],"wp:term":[{"taxonomy":"category","embeddable":true,"href":"http:\/\/dobroteasa.ro\/index.php?rest_route=%2Fwp%2Fv2%2Fcategories&post=1523"},{"taxonomy":"post_tag","embeddable":true,"href":"http:\/\/dobroteasa.ro\/index.php?rest_route=%2Fwp%2Fv2%2Ftags&post=1523"}],"curies":[{"name":"wp","href":"https:\/\/api.w.org\/{rel}","templated":true}]}}